{"id":1068,"date":"2026-01-19T19:38:43","date_gmt":"2026-01-19T19:38:43","guid":{"rendered":"https:\/\/pinkjournal.se\/?p=1068"},"modified":"2026-01-19T19:38:43","modified_gmt":"2026-01-19T19:38:43","slug":"lite-forhoppningsfull","status":"publish","type":"post","link":"https:\/\/ewelyn.se\/?p=1068","title":{"rendered":"Lite f\u00f6rhoppningsfull"},"content":{"rendered":"\n<p class=\"p1\">Idag har verkligen varit en s\u00e5dan d\u00e4r dag som bara f\u00f6rsvinner. Timmarna gick fort, trots att jag faktiskt sov \u00e4nda till klockan 13. Och vet ni \u2013 det beh\u00f6vdes. Jag var helt slut n\u00e4r jag vaknade och det k\u00e4ndes som att kroppen bara sa ifr\u00e5n och kr\u00e4vde vila. Ibland f\u00e5r man faktiskt bara acceptera det och sl\u00e4ppa alla m\u00e5sten. <\/p>\n\n\n\n<p class=\"p1\">Dagen har varit lite upp och ner psykiskt. Jag har haft en s\u00e5n d\u00e4r diffus \u00e5ngestklump i kroppen, ni vet n\u00e4r den bara ligger d\u00e4r och gnager utan n\u00e5gon tydlig anledning. Inte j\u00e4ttekul, men \u00e5ngestmedicinen har \u00e4nd\u00e5 hj\u00e4lpt lite och gjort det hela mer hanterbart. Det \u00e4r sm\u00e5 steg, men de r\u00e4knas.<\/p>\n\n\n\n<p class=\"p1\">Nu ligger jag i s\u00e4ngen tillsammans med Tyra och forts\u00e4tter titta p\u00e5 Knutby-serien p\u00e5 TV4 Play. Allts\u00e5\u2026 jag \u00e4r HELT fast. Den \u00e4r s\u00e5 otroligt bra och samtidigt s\u00e5 obehaglig. En s\u00e5dan serie som man inte kan sluta titta p\u00e5, trots att man egentligen borde blunda ibland, haha!<\/p>\n\n\n\n<p class=\"p1\">Idag fick jag ocks\u00e5 utskrivet lite starkare v\u00e4rktabletter som jag ska h\u00e4mta ut imorgon. Jag hoppas verkligen att de kan hj\u00e4lpa mig mer i vardagen. Att jag kanske f\u00e5r lite mer energi, lite mer ork att g\u00f6ra vanliga saker utan att allt tar slut direkt. Fibromyalgin g\u00f6r sig p\u00e5mind i hela kroppen och sm\u00e4rtan kan vara riktigt dr\u00e4nerande, b\u00e5de fysiskt och mentalt.<\/p>\n\n\n\n<p class=\"p1\">Men trots allt detta k\u00e4nner jag mig \u00e4nd\u00e5 hoppfull. Det kanske inte \u00e4r en toppendag, men det \u00e4r en dag som gick, och det \u00e4r okej. Ibland \u00e4r det precis tillr\u00e4ckligt. Nu ska jag bara forts\u00e4tta vila, mysa med Tyra och l\u00e5ta serien rulla vidare.<\/p>\n","protected":false},"excerpt":{"rendered":"<p>Idag har verkligen varit en s\u00e5dan d\u00e4r dag som bara f\u00f6rsvinner. Timmarna gick fort, trots att jag faktiskt sov \u00e4nda till klockan 13. Och vet &hellip; <\/p>\n","protected":false},"author":1,"featured_media":1067,"comment_status":"closed","ping_status":"open","sticky":false,"template":"","format":"standard","meta":{"footnotes":""},"categories":[3,4,6,12,14,37,25,28,33,34],"tags":[],"class_list":["post-1068","post","type-post","status-publish","format-standard","has-post-thumbnail","hentry","category-01-personligt","category-02-fotografier","category-04-vardagligt","category-ego","category-fibromyalgi","category-iphone-16-plus","category-portratt","category-snicksnack","category-tankar","category-utrustning"],"_links":{"self":[{"href":"https:\/\/ewelyn.se\/index.php?rest_route=\/wp\/v2\/posts\/1068","targetHints":{"allow":["GET"]}}],"collection":[{"href":"https:\/\/ewelyn.se\/index.php?rest_route=\/wp\/v2\/posts"}],"about":[{"href":"https:\/\/ewelyn.se\/index.php?rest_route=\/wp\/v2\/types\/post"}],"author":[{"embeddable":true,"href":"https:\/\/ewelyn.se\/index.php?rest_route=\/wp\/v2\/users\/1"}],"replies":[{"embeddable":true,"href":"https:\/\/ewelyn.se\/index.php?rest_route=%2Fwp%2Fv2%2Fcomments&post=1068"}],"version-history":[{"count":0,"href":"https:\/\/ewelyn.se\/index.php?rest_route=\/wp\/v2\/posts\/1068\/revisions"}],"wp:featuredmedia":[{"embeddable":true,"href":"https:\/\/ewelyn.se\/index.php?rest_route=\/wp\/v2\/media\/1067"}],"wp:attachment":[{"href":"https:\/\/ewelyn.se\/index.php?rest_route=%2Fwp%2Fv2%2Fmedia&parent=1068"}],"wp:term":[{"taxonomy":"category","embeddable":true,"href":"https:\/\/ewelyn.se\/index.php?rest_route=%2Fwp%2Fv2%2Fcategories&post=1068"},{"taxonomy":"post_tag","embeddable":true,"href":"https:\/\/ewelyn.se\/index.php?rest_route=%2Fwp%2Fv2%2Ftags&post=1068"}],"curies":[{"name":"wp","href":"https:\/\/api.w.org\/{rel}","templated":true}]}}