{"id":1061,"date":"2026-01-18T18:45:21","date_gmt":"2026-01-18T18:45:21","guid":{"rendered":"https:\/\/pinkjournal.se\/?p=1061"},"modified":"2026-01-18T18:45:21","modified_gmt":"2026-01-18T18:45:21","slug":"det-varmer-i-hjartat","status":"publish","type":"post","link":"https:\/\/ewelyn.se\/?p=1061","title":{"rendered":"Det v\u00e4rmer i hj\u00e4rtat"},"content":{"rendered":"\n<p class=\"p1\">Helgen har varit r\u00e4tt jobbig. Sm\u00e4rtorna har varit extra p\u00e5tagliga, s\u00e4rskilt i fredags och ig\u00e5r, och kroppen har verkligen sagt ifr\u00e5n. Fibromyalgin \u00e4r inte n\u00e5dig ibland, och den h\u00e4r helgen har varit en s\u00e5n d\u00e4r som t\u00e4r b\u00e5de fysiskt och mentalt.<\/p>\n\n\n\n<p class=\"p1\">Samtidigt har jag haft Christoffer h\u00e4r, och det har varit s\u00e5 mysigt. Jag har verkligen saknat honom. Det betyder mycket att f\u00e5 ha honom n\u00e4ra, och det har varit sk\u00f6nt att inte sova ensam. Man m\u00e4rker hur mycket det g\u00f6r, s\u00e4rskilt n\u00e4r man \u00e4r s\u00e4rbos. Som tur \u00e4r kommer han igen p\u00e5 torsdag, och det ger mig n\u00e5got fint att se fram emot.<\/p>\n\n\n\n<p class=\"p1\">Idag h\u00e4mtade jag ut min ADHD-medicin. Just nu har jag huvudv\u00e4rk, m\u00e5r illa och har ont i hela kroppen, s\u00e5 dagen har inte varit den b\u00e4sta. F\u00f6rs\u00f6ker lyssna p\u00e5 kroppen s\u00e5 gott det g\u00e5r, \u00e4ven om det \u00e4r frustrerande n\u00e4r man bara vill m\u00e5 b\u00e4ttre.<\/p>\n\n\n\n<p class=\"p1\">Ikv\u00e4ll umgicks jag lite med mamma, och det var b\u00e5de roligt och mysigt. Vi skrattade massor, s\u00e5na d\u00e4r skratt som verkligen v\u00e4rmer inifr\u00e5n. \u00c4lskar mamma \u2013 hon betyder s\u00e5 mycket f\u00f6r mig.<\/p>\n\n\n\n<p class=\"p1\">Nu ligger jag bara ner och f\u00f6rs\u00f6ker fokusera p\u00e5 n\u00e5got annat, f\u00f6rs\u00f6ker \u201dgl\u00f6mma\u201d v\u00e4rken f\u00f6r en stund, men det \u00e4r l\u00e4ttare sagt \u00e4n gjort. J\u00e4vla fibromyalgi.<\/p>\n\n\n\n<p class=\"p1\">Imorgon b\u00f6rjar en ny vecka. Jag hoppas s\u00e5klart p\u00e5 en bra s\u00e5dan, men f\u00f6rs\u00f6ker att inte ha f\u00f6r h\u00f6ga f\u00f6rv\u00e4ntningar. En dag i taget f\u00e5r r\u00e4cka just nu.<\/p>\n\n\n\n\n\n<p><\/p>\n","protected":false},"excerpt":{"rendered":"<p>Helgen har varit r\u00e4tt jobbig. Sm\u00e4rtorna har varit extra p\u00e5tagliga, s\u00e4rskilt i fredags och ig\u00e5r, och kroppen har verkligen sagt ifr\u00e5n. Fibromyalgin \u00e4r inte n\u00e5dig &hellip; <\/p>\n","protected":false},"author":1,"featured_media":1064,"comment_status":"closed","ping_status":"open","sticky":false,"template":"","format":"standard","meta":{"footnotes":""},"categories":[2,3,6,12,13,14,17,28,33],"tags":[],"class_list":["post-1061","post","type-post","status-publish","format-standard","has-post-thumbnail","hentry","category-2","category-01-personligt","category-04-vardagligt","category-ego","category-familjen","category-fibromyalgi","category-karleken-","category-snicksnack","category-tankar"],"_links":{"self":[{"href":"https:\/\/ewelyn.se\/index.php?rest_route=\/wp\/v2\/posts\/1061","targetHints":{"allow":["GET"]}}],"collection":[{"href":"https:\/\/ewelyn.se\/index.php?rest_route=\/wp\/v2\/posts"}],"about":[{"href":"https:\/\/ewelyn.se\/index.php?rest_route=\/wp\/v2\/types\/post"}],"author":[{"embeddable":true,"href":"https:\/\/ewelyn.se\/index.php?rest_route=\/wp\/v2\/users\/1"}],"replies":[{"embeddable":true,"href":"https:\/\/ewelyn.se\/index.php?rest_route=%2Fwp%2Fv2%2Fcomments&post=1061"}],"version-history":[{"count":0,"href":"https:\/\/ewelyn.se\/index.php?rest_route=\/wp\/v2\/posts\/1061\/revisions"}],"wp:featuredmedia":[{"embeddable":true,"href":"https:\/\/ewelyn.se\/index.php?rest_route=\/wp\/v2\/media\/1064"}],"wp:attachment":[{"href":"https:\/\/ewelyn.se\/index.php?rest_route=%2Fwp%2Fv2%2Fmedia&parent=1061"}],"wp:term":[{"taxonomy":"category","embeddable":true,"href":"https:\/\/ewelyn.se\/index.php?rest_route=%2Fwp%2Fv2%2Fcategories&post=1061"},{"taxonomy":"post_tag","embeddable":true,"href":"https:\/\/ewelyn.se\/index.php?rest_route=%2Fwp%2Fv2%2Ftags&post=1061"}],"curies":[{"name":"wp","href":"https:\/\/api.w.org\/{rel}","templated":true}]}}