{"id":1053,"date":"2026-01-15T21:08:32","date_gmt":"2026-01-15T21:08:32","guid":{"rendered":"https:\/\/pinkjournal.se\/?p=1053"},"modified":"2026-01-15T21:08:32","modified_gmt":"2026-01-15T21:08:32","slug":"min-sjalsliga-syster","status":"publish","type":"post","link":"https:\/\/ewelyn.se\/?p=1053","title":{"rendered":"Min sj\u00e4lsliga syster"},"content":{"rendered":"\n<p class=\"p1\">Allts\u00e5\u2026 vissa m\u00e4nniskor \u00e4r bara menade att finnas i ens liv. Johanna \u00e4r inte bara min b\u00e4sta v\u00e4n \u2013 hon \u00e4r min sj\u00e4lssyster, min mentala tvilling och beviset p\u00e5 att universum ibland faktiskt g\u00f6r helt r\u00e4tt.<\/p>\n\n\n\n<p class=\"p1\">Vi har k\u00e4nt varandra i \u00f6ver 20 \u00e5r. Vi har <strong>ALDRIG <\/strong>tr\u00e4ffats. \u00c4nd\u00e5 synkar vi b\u00e4ttre \u00e4n folk som bor ihop. F\u00f6rklara det om ni kan. V\u00e5ra hj\u00e4rnor high-fivar varandra konstant.<\/p>\n\n\n\n<p class=\"p1\">Johanna ger mig s\u00e5 mycket skratt att det \u00e4r ett under att jag fortfarande har hela m\u00f6bler kvar. Ibland \u00e4r hon s\u00e5 rolig att jag ramlar av soffan. P\u00e5 riktigt. Skrattgr\u00e5t, andn\u00f6d, <em>\u201djag-kan-inte-resa-mig\u201d <\/em>niv\u00e5<em>. <\/em>\u00c4lskade lilla m\u00e4nniska allts\u00e5.<\/p>\n\n\n\n<p class=\"p1\">Och att hon st\u00e5r ut med mig? Det \u00e4r fan ett mirakel. Jag \u00e4r ju inte direkt standardmodell. Men kanske \u00e4r det just d\u00e4rf\u00f6r jag \u00e4r one in a million och helt orimligt amazing. Och tillsammans? Ja, d\u00e5 \u00e4r vi tv\u00e5 one in a million. Det blir liksom f\u00f6r mycket greatness i samma v\u00e4nskap.<\/p>\n\n\n\n<p class=\"p1\">Det <strong>ENDA <\/strong>som fattas oss nu \u00e4r systermuggar. Matchande. Heliga. Hon sitter i ena \u00e4nden av landet, jag i den andra, och d\u00e4r sitter vi \u00e4nd\u00e5 och s\u00f6rplar kaffe samtidigt ur v\u00e5ra systermuggar. Distansv\u00e4nskap deluxe. Mysfaktor 10\/10!<\/p>\n\n\n\n<p class=\"p1\">N\u00e4r vi blir gamla ska vi bo grannar. Ingen diskussion. Vi kommer sitta p\u00e5 varsin veranda, skrika till varandra, dricka kaffe, skratta \u00e5t exakt samma saker och vara de d\u00e4r tanterna folk undrar lite \u00f6ver. Det \u00e4r dr\u00f6mmen. Det \u00e4r LIVET.<\/p>\n\n\n\n<p class=\"p1\">Tack Johanna, f\u00f6r att du alltid finns d\u00e4r. N\u00e4r jag faller, n\u00e4r jag flyger och n\u00e4r jag bara \u00e4r allm\u00e4nt jag. Du \u00e4r konstant. Och det \u00e4r ov\u00e4rderligt.<\/p>\n\n\n\n<p class=\"p1\"><em>Sj\u00e4lssystrar. F\u00f6r alltid \u2665<\/em><\/p>\n","protected":false},"excerpt":{"rendered":"<p>Allts\u00e5\u2026 vissa m\u00e4nniskor \u00e4r bara menade att finnas i ens liv. Johanna \u00e4r inte bara min b\u00e4sta v\u00e4n \u2013 hon \u00e4r min sj\u00e4lssyster, min mentala &hellip; <\/p>\n","protected":false},"author":1,"featured_media":1056,"comment_status":"closed","ping_status":"open","sticky":false,"template":"","format":"standard","meta":{"footnotes":""},"categories":[3,6,12,28,33],"tags":[],"class_list":["post-1053","post","type-post","status-publish","format-standard","has-post-thumbnail","hentry","category-01-personligt","category-04-vardagligt","category-ego","category-snicksnack","category-tankar"],"_links":{"self":[{"href":"https:\/\/ewelyn.se\/index.php?rest_route=\/wp\/v2\/posts\/1053","targetHints":{"allow":["GET"]}}],"collection":[{"href":"https:\/\/ewelyn.se\/index.php?rest_route=\/wp\/v2\/posts"}],"about":[{"href":"https:\/\/ewelyn.se\/index.php?rest_route=\/wp\/v2\/types\/post"}],"author":[{"embeddable":true,"href":"https:\/\/ewelyn.se\/index.php?rest_route=\/wp\/v2\/users\/1"}],"replies":[{"embeddable":true,"href":"https:\/\/ewelyn.se\/index.php?rest_route=%2Fwp%2Fv2%2Fcomments&post=1053"}],"version-history":[{"count":0,"href":"https:\/\/ewelyn.se\/index.php?rest_route=\/wp\/v2\/posts\/1053\/revisions"}],"wp:featuredmedia":[{"embeddable":true,"href":"https:\/\/ewelyn.se\/index.php?rest_route=\/wp\/v2\/media\/1056"}],"wp:attachment":[{"href":"https:\/\/ewelyn.se\/index.php?rest_route=%2Fwp%2Fv2%2Fmedia&parent=1053"}],"wp:term":[{"taxonomy":"category","embeddable":true,"href":"https:\/\/ewelyn.se\/index.php?rest_route=%2Fwp%2Fv2%2Fcategories&post=1053"},{"taxonomy":"post_tag","embeddable":true,"href":"https:\/\/ewelyn.se\/index.php?rest_route=%2Fwp%2Fv2%2Ftags&post=1053"}],"curies":[{"name":"wp","href":"https:\/\/api.w.org\/{rel}","templated":true}]}}