{"id":1042,"date":"2026-01-15T20:39:05","date_gmt":"2026-01-15T20:39:05","guid":{"rendered":"https:\/\/pinkjournal.se\/?p=1042"},"modified":"2026-01-15T20:39:05","modified_gmt":"2026-01-15T20:39:05","slug":"det-kanns-helt-underbart","status":"publish","type":"post","link":"https:\/\/ewelyn.se\/?p=1042","title":{"rendered":"Det k\u00e4nns helt underbart"},"content":{"rendered":"\n<p class=\"p1\">Idag har varit en s\u00e5dan d\u00e4r dag med m\u00e5nga intryck. Lite tr\u00f6tt i huvudet, lite mycket p\u00e5 en g\u00e5ng. Men trots det vill jag verkligen s\u00e4ga att det har varit en fin dag. Jag f\u00f6rs\u00f6ker bli b\u00e4ttre p\u00e5 att fokusera p\u00e5 det som \u00e4r bra, det som faktiskt ger lugn och gl\u00e4dje \u2013 och idag fanns det mycket av just det.<\/p>\n\n\n\n<blockquote class=\"wp-block-quote is-layout-flow wp-block-quote-is-layout-flow\">\n<p>Vi kan bocka av den h\u00e4r dagen nu. Imorgon b\u00f6rjar helgen \u2013 och det k\u00e4nns helt underbart!<\/p>\n<\/blockquote>\n\n\n\n<p class=\"p1\">N\u00e4r jag kom hem fr\u00e5n jobbet landade jag direkt. Jag har \u00e4tit gott, vilat och umg\u00e5tts med mamma och pappa, vilket alltid ger mig ro i sj\u00e4len. Jag tog ocks\u00e5 tag i de allra sista julgrejerna h\u00e4r hemma. Tydligen hade vi helt gl\u00f6mt bort juldukarna, men nu \u00e4r de undanplockade och ersatta med nya fina dukar. S\u00e5 sk\u00f6nt att det blev gjort.<\/p>\n\n\n\n<p class=\"p1\">Ikv\u00e4ll har jag \u00e4ven tv\u00e4ttat, bland annat v\u00e5ra nya s\u00e4ngkl\u00e4der som Christoffer ska b\u00e4dda med. Det finns f\u00e5 saker som sl\u00e5r k\u00e4nslan av att krypa ner i en renb\u00e4ddad s\u00e4ng \u2013 det ska verkligen bli underbart.<\/p>\n\n\n\n<p class=\"p1\">Nu har jag \u00e4tit kv\u00e4llsmat och k\u00f6r lite multitasking &#8211; tittar p\u00e5 en dokument\u00e4r, pratar lite med Christoffer, skriver av mig och b\u00f6rjar k\u00e4nna hur kroppen varvar ner. Snart \u00e4r det dags att sova.<\/p>\n","protected":false},"excerpt":{"rendered":"<p>Idag har varit en s\u00e5dan d\u00e4r dag med m\u00e5nga intryck. Lite tr\u00f6tt i huvudet, lite mycket p\u00e5 en g\u00e5ng. Men trots det vill jag verkligen &hellip; <\/p>\n","protected":false},"author":1,"featured_media":1041,"comment_status":"closed","ping_status":"open","sticky":false,"template":"","format":"standard","meta":{"footnotes":""},"categories":[3,4,6,8,12,37,25,28,33,34],"tags":[],"class_list":["post-1042","post","type-post","status-publish","format-standard","has-post-thumbnail","hentry","category-01-personligt","category-02-fotografier","category-04-vardagligt","category-autism-adhd","category-ego","category-iphone-16-plus","category-portratt","category-snicksnack","category-tankar","category-utrustning"],"_links":{"self":[{"href":"https:\/\/ewelyn.se\/index.php?rest_route=\/wp\/v2\/posts\/1042","targetHints":{"allow":["GET"]}}],"collection":[{"href":"https:\/\/ewelyn.se\/index.php?rest_route=\/wp\/v2\/posts"}],"about":[{"href":"https:\/\/ewelyn.se\/index.php?rest_route=\/wp\/v2\/types\/post"}],"author":[{"embeddable":true,"href":"https:\/\/ewelyn.se\/index.php?rest_route=\/wp\/v2\/users\/1"}],"replies":[{"embeddable":true,"href":"https:\/\/ewelyn.se\/index.php?rest_route=%2Fwp%2Fv2%2Fcomments&post=1042"}],"version-history":[{"count":0,"href":"https:\/\/ewelyn.se\/index.php?rest_route=\/wp\/v2\/posts\/1042\/revisions"}],"wp:featuredmedia":[{"embeddable":true,"href":"https:\/\/ewelyn.se\/index.php?rest_route=\/wp\/v2\/media\/1041"}],"wp:attachment":[{"href":"https:\/\/ewelyn.se\/index.php?rest_route=%2Fwp%2Fv2%2Fmedia&parent=1042"}],"wp:term":[{"taxonomy":"category","embeddable":true,"href":"https:\/\/ewelyn.se\/index.php?rest_route=%2Fwp%2Fv2%2Fcategories&post=1042"},{"taxonomy":"post_tag","embeddable":true,"href":"https:\/\/ewelyn.se\/index.php?rest_route=%2Fwp%2Fv2%2Ftags&post=1042"}],"curies":[{"name":"wp","href":"https:\/\/api.w.org\/{rel}","templated":true}]}}