{"id":1020,"date":"2026-01-15T09:24:00","date_gmt":"2026-01-15T09:24:00","guid":{"rendered":"https:\/\/pinkjournal.se\/?p=1020"},"modified":"2026-01-15T09:24:00","modified_gmt":"2026-01-15T09:24:00","slug":"inte-for-honom","status":"publish","type":"post","link":"https:\/\/ewelyn.se\/?p=1020","title":{"rendered":"Inte f\u00f6r honom"},"content":{"rendered":"\n<p class=\"p1\"><strong>Det var m\u00e5nga \u00e5r sedan jag l\u00e4mnade honom.<\/strong> \u00c4nd\u00e5 finns han kvar i mitt liv, inte som m\u00e4nniska, utan som ett eko. Ett minne av manipulation, r\u00e4dsla och l\u00e5ngsam nedbrytning.<\/p>\n\n\n\n<p class=\"p1\">Jag levde i en sjuk relation med en narcissist. En m\u00e4nniska som saknade empati, som vred verkligheten tills jag b\u00f6rjade tvivla p\u00e5 mig sj\u00e4lv. Jag anm\u00e4lde honom en g\u00e5ng. Ingenting h\u00e4nde. Som s\u00e5 ofta f\u00f6rr tystnade historien d\u00e4r. Idag fick jag veta att han \u00e4r d\u00f6md. F\u00f6r f\u00f6rs\u00f6k till utnyttjande av barn f\u00f6r sexuell posering och f\u00f6r sexuellt ofredande. Det slog luften ur mig. Inte f\u00f6r att jag blev f\u00f6rv\u00e5nad. Utan f\u00f6r att sanningen till slut hann ikapp honom. Jag var inte ensam.<\/p>\n\n\n\n<p class=\"p1\">Det var aldrig \u201cbara jag\u201d. Det var aldrig \u00f6verdrivet, aldrig inbillat, aldrig f\u00f6r k\u00e4nsligt. N\u00e4r r\u00e4ttvisan kommer sent betyder det inte att den \u00e4r mindre sann. Det finns en s\u00e4rskild sorts ilska som f\u00f6ds n\u00e4r n\u00e5gon g\u00e5r fri alldeles f\u00f6r l\u00e4nge. En ilska \u00f6ver alla \u00e5r av tystnad. \u00d6ver alla som inte blev trodda. \u00d6ver alla som bar skulden som aldrig var deras.<\/p>\n\n\n\n<blockquote class=\"wp-block-quote is-layout-flow wp-block-quote-is-layout-flow\">\n<p class=\"p1\">Han f\u00f6rtj\u00e4nar konsekvenser. Inte mitt hat. Inte mitt liv. Bara konsekvenser.<\/p>\n<\/blockquote>\n\n\n\n<p class=\"p1\">Sj\u00e4lv sitter jag p\u00e5 jobbet idag. Tr\u00f6tt \u00e4nda in i \u00f6gonen, som om jag skulle beh\u00f6va droppa kaffe rakt in i synen f\u00f6r att orka. Livet p\u00e5g\u00e5r m\u00e4rkligt nog samtidigt som v\u00e4rlden skakar. Snart ska jag skriva till tidningen. Kanske blir det faktasidor. Kanske om Columbus. Ironiskt \u00e4nd\u00e5, hur man kan skriva om uppt\u00e4cktsresor n\u00e4r man sj\u00e4lv precis \u00e5teruppt\u00e4ckt en gammal sanning.<\/p>\n\n\n\n<p class=\"p1\"><strong>Det h\u00e4r inl\u00e4gget \u00e4r inte f\u00f6r honom.<\/strong><\/p>\n\n\n\n<p class=\"p1\">Det \u00e4r f\u00f6r mig. Och f\u00f6r dig som l\u00e4ser och kanske k\u00e4nner igen dig. Du var inte ensam. Du var aldrig svag. Och sanningen har ett l\u00e5ngsamt steg men den stannar inte.<\/p>\n","protected":false},"excerpt":{"rendered":"<p>Det var m\u00e5nga \u00e5r sedan jag l\u00e4mnade honom. \u00c4nd\u00e5 finns han kvar i mitt liv, inte som m\u00e4nniska, utan som ett eko. Ett minne av &hellip; <\/p>\n","protected":false},"author":1,"featured_media":1024,"comment_status":"closed","ping_status":"open","sticky":false,"template":"","format":"standard","meta":{"footnotes":""},"categories":[3,12,33],"tags":[],"class_list":["post-1020","post","type-post","status-publish","format-standard","has-post-thumbnail","hentry","category-01-personligt","category-ego","category-tankar"],"_links":{"self":[{"href":"https:\/\/ewelyn.se\/index.php?rest_route=\/wp\/v2\/posts\/1020","targetHints":{"allow":["GET"]}}],"collection":[{"href":"https:\/\/ewelyn.se\/index.php?rest_route=\/wp\/v2\/posts"}],"about":[{"href":"https:\/\/ewelyn.se\/index.php?rest_route=\/wp\/v2\/types\/post"}],"author":[{"embeddable":true,"href":"https:\/\/ewelyn.se\/index.php?rest_route=\/wp\/v2\/users\/1"}],"replies":[{"embeddable":true,"href":"https:\/\/ewelyn.se\/index.php?rest_route=%2Fwp%2Fv2%2Fcomments&post=1020"}],"version-history":[{"count":0,"href":"https:\/\/ewelyn.se\/index.php?rest_route=\/wp\/v2\/posts\/1020\/revisions"}],"wp:featuredmedia":[{"embeddable":true,"href":"https:\/\/ewelyn.se\/index.php?rest_route=\/wp\/v2\/media\/1024"}],"wp:attachment":[{"href":"https:\/\/ewelyn.se\/index.php?rest_route=%2Fwp%2Fv2%2Fmedia&parent=1020"}],"wp:term":[{"taxonomy":"category","embeddable":true,"href":"https:\/\/ewelyn.se\/index.php?rest_route=%2Fwp%2Fv2%2Fcategories&post=1020"},{"taxonomy":"post_tag","embeddable":true,"href":"https:\/\/ewelyn.se\/index.php?rest_route=%2Fwp%2Fv2%2Ftags&post=1020"}],"curies":[{"name":"wp","href":"https:\/\/api.w.org\/{rel}","templated":true}]}}