{"id":1011,"date":"2026-01-14T09:10:12","date_gmt":"2026-01-14T09:10:12","guid":{"rendered":"https:\/\/pinkjournal.se\/?p=1011"},"modified":"2026-01-14T09:10:12","modified_gmt":"2026-01-14T09:10:12","slug":"hoppas-pa-en-kravlos-dag","status":"publish","type":"post","link":"https:\/\/ewelyn.se\/?p=1011","title":{"rendered":"Hoppas p\u00e5 en kravl\u00f6s dag"},"content":{"rendered":"\n<p><strong>Just nu m\u00e5r jag inte bra.<\/strong><\/p>\n\n\n\n<p>V\u00e4rken i kroppen \u00e4r konstant \u2013 fibromyalgin och diskbr\u00e5cket g\u00f6r sig p\u00e5minda hela tiden. S\u00f6mnen blir lidande och n\u00e4tterna \u00e4r tuffa. Jag \u00e4r inte varm, men \u00e4nd\u00e5 vaknar jag genomsvettig, om och om igen. Det \u00e4r otroligt p\u00e5frestande och sjukt jobbigt att aldrig f\u00e5 riktig vila.<\/p>\n\n\n\n<p>P\u00e5 fredag var det t\u00e4nkt att jag skulle g\u00e5 p\u00e5 en klasstr\u00e4ff som jag sett fram emot l\u00e4nge, men kroppen s\u00e4ger ifr\u00e5n. Det g\u00f6r ont att beh\u00f6va st\u00e4lla in n\u00e5got som varit s\u00e5 efterl\u00e4ngtat, men just nu r\u00e4cker inte krafterna till.<\/p>\n\n\n\n<p>Imorgon \u00e4r det jobb, och idag handlar mycket om att samla energi. Jag vill verkligen kunna sk\u00f6ta jobbet s\u00e5 bra jag bara kan, och d\u00e4rf\u00f6r hoppas jag p\u00e5 en lugn och kravl\u00f6s dag idag. St\u00e4dningen tog jag ig\u00e5r \u2013 och det \u00e4r jag faktiskt stolt \u00f6ver. Sm\u00e5 saker, men de betyder mycket n\u00e4r orken \u00e4r begr\u00e4nsad.<\/p>\n\n\n\n<p>Idag \u00e5terst\u00e5r bara en sak: att baka en tomat- och mozzarellapaj s\u00e5 jag har matl\u00e5da till imorgon. Hoppas den blir amazing!<\/p>\n","protected":false},"excerpt":{"rendered":"<p>Just nu m\u00e5r jag inte bra. V\u00e4rken i kroppen \u00e4r konstant \u2013 fibromyalgin och diskbr\u00e5cket g\u00f6r sig p\u00e5minda hela tiden. S\u00f6mnen blir lidande och n\u00e4tterna &hellip; <\/p>\n","protected":false},"author":1,"featured_media":1016,"comment_status":"closed","ping_status":"open","sticky":false,"template":"","format":"standard","meta":{"footnotes":""},"categories":[3,4,12,14,37,25,33,34],"tags":[],"class_list":["post-1011","post","type-post","status-publish","format-standard","has-post-thumbnail","hentry","category-01-personligt","category-02-fotografier","category-ego","category-fibromyalgi","category-iphone-16-plus","category-portratt","category-tankar","category-utrustning"],"_links":{"self":[{"href":"https:\/\/ewelyn.se\/index.php?rest_route=\/wp\/v2\/posts\/1011","targetHints":{"allow":["GET"]}}],"collection":[{"href":"https:\/\/ewelyn.se\/index.php?rest_route=\/wp\/v2\/posts"}],"about":[{"href":"https:\/\/ewelyn.se\/index.php?rest_route=\/wp\/v2\/types\/post"}],"author":[{"embeddable":true,"href":"https:\/\/ewelyn.se\/index.php?rest_route=\/wp\/v2\/users\/1"}],"replies":[{"embeddable":true,"href":"https:\/\/ewelyn.se\/index.php?rest_route=%2Fwp%2Fv2%2Fcomments&post=1011"}],"version-history":[{"count":0,"href":"https:\/\/ewelyn.se\/index.php?rest_route=\/wp\/v2\/posts\/1011\/revisions"}],"wp:featuredmedia":[{"embeddable":true,"href":"https:\/\/ewelyn.se\/index.php?rest_route=\/wp\/v2\/media\/1016"}],"wp:attachment":[{"href":"https:\/\/ewelyn.se\/index.php?rest_route=%2Fwp%2Fv2%2Fmedia&parent=1011"}],"wp:term":[{"taxonomy":"category","embeddable":true,"href":"https:\/\/ewelyn.se\/index.php?rest_route=%2Fwp%2Fv2%2Fcategories&post=1011"},{"taxonomy":"post_tag","embeddable":true,"href":"https:\/\/ewelyn.se\/index.php?rest_route=%2Fwp%2Fv2%2Ftags&post=1011"}],"curies":[{"name":"wp","href":"https:\/\/api.w.org\/{rel}","templated":true}]}}